{"id":21218,"date":"2020-05-25T15:53:48","date_gmt":"2020-05-25T13:53:48","guid":{"rendered":"https:\/\/staging.phdmedia.com_\/denmark\/?p=21218"},"modified":"2020-05-26T14:50:25","modified_gmt":"2020-05-26T12:50:25","slug":"stort-loft-i-privatforbruget-efter-genabningen-sadan-folger-du-udviklingen-dag-for-dag","status":"publish","type":"post","link":"https:\/\/www.phdmedia.com\/denmark\/stort-loft-i-privatforbruget-efter-genabningen-sadan-folger-du-udviklingen-dag-for-dag\/","title":{"rendered":"S\u00e5dan f\u00f8lger du udviklingen i forbrugeradf\u00e6rd og privatforbruget dag for dag"},"content":{"rendered":"<p><span data-contrast=\"auto\">Den bratte nedlukning af Danmark tilbage i marts har\u00a0<\/span><span data-contrast=\"auto\">desv\u00e6rre\u00a0<\/span><span data-contrast=\"auto\">som<\/span><span data-contrast=\"auto\">\u00a0ventet\u00a0<\/span><span data-contrast=\"auto\">haft store \u00f8konomiske konsekvenser for vores samfund<\/span><span data-contrast=\"auto\">. P<\/span><span data-contrast=\"auto\">rivatforbruget var nede med\u00a0<\/span><span data-contrast=\"auto\">n\u00e6sten<\/span><span data-contrast=\"auto\">\u00a040% i forhold til normalen, da vi var h\u00e5rdest ramt af nedlukningen. Nu bev\u00e6ger vi os gradvist\u00a0<\/span><span data-contrast=\"auto\">og kontrolleret\u00a0<\/span><span data-contrast=\"auto\">gennem en gen\u00e5bning af samfundet<\/span><span data-contrast=\"auto\">,<\/span><span data-contrast=\"auto\">\u00a0og\u00a0<\/span><span data-contrast=\"auto\">med tilbageholdt \u00e5ndedr\u00e6t<\/span><span data-contrast=\"auto\">\u00a0f\u00f8lger vi nu alle<\/span><span data-contrast=\"auto\">\u00a0konsekvenserne\u00a0<\/span><span data-contrast=\"auto\">af\u00a0<\/span><span data-contrast=\"auto\">vores tilbagevenden til en ny normal<\/span><span data-contrast=\"auto\">\u00a0<\/span><span data-contrast=\"auto\">&#8211; b\u00e5de\u00a0<\/span><span data-contrast=\"auto\">i forhold til danskernes forbrugeradf\u00e6rd og\u00a0<\/span><span data-contrast=\"auto\">udviklingen i\u00a0<\/span><span data-contrast=\"auto\">privatforbruget<\/span><span data-contrast=\"auto\">\u00a0generelt<\/span><span data-contrast=\"auto\">.<\/span><span data-ccp-props=\"{&quot;201341983&quot;:0,&quot;335559739&quot;:160,&quot;335559740&quot;:259}\">\u00a0<\/span><\/p>\n<p><span data-contrast=\"auto\">Det er\u00a0<\/span><span data-contrast=\"auto\">relevant<\/span><span data-contrast=\"auto\">\u00a0som n\u00e6ringsdrivende<\/span><span data-contrast=\"auto\">,<\/span><span data-contrast=\"auto\">\u00a0og<\/span><span data-contrast=\"auto\">\u00a0for\u00a0<\/span><span data-contrast=\"auto\">virksomheder i almindelighed<\/span><span data-contrast=\"auto\">,<\/span><span data-contrast=\"auto\">\u00a0at have fingeren\u00a0<\/span><span data-contrast=\"auto\">direkte p\u00e5\u00a0<\/span><span data-contrast=\"auto\">pulsen og\u00a0<\/span><span data-contrast=\"auto\">kunne\u00a0<\/span><span data-contrast=\"auto\">f\u00f8lge\u00a0<\/span><span data-contrast=\"auto\">og forst\u00e5<\/span><span data-contrast=\"auto\">\u00a0\u00e6ndringer<\/span><span data-contrast=\"auto\">ne<\/span><span data-contrast=\"auto\">\u00a0dagligt. En ting er<\/span><span data-contrast=\"auto\">,<\/span><span data-contrast=\"auto\">\u00a0hvordan\u00a0<\/span><span data-contrast=\"auto\">gen\u00e5bningen<\/span><span data-contrast=\"auto\">\u00a0p\u00e5virker egen forretning nu og her<\/span><span data-contrast=\"auto\">. M<\/span><span data-contrast=\"auto\">en\u00a0<\/span><span data-contrast=\"auto\">det er ogs\u00e5 ganske relevant at kigge ind i,\u00a0<\/span><span data-contrast=\"auto\">hvordan\u00a0<\/span><span data-contrast=\"auto\">den\u00a0<\/span><span data-contrast=\"auto\">p\u00e5virker andre\u00a0<\/span><span data-contrast=\"auto\">konkurrerende\u00a0<\/span><span data-contrast=\"auto\">virksomheder<\/span><span data-contrast=\"auto\">\u00a0og brancher generelt<\/span><span data-contrast=\"auto\">, n\u00e5r man\u00a0<\/span><span data-contrast=\"auto\">som vir<\/span><span data-contrast=\"auto\">k<\/span><span data-contrast=\"auto\">somhed\u00a0<\/span><span data-contrast=\"auto\">skal<\/span><span data-contrast=\"auto\">\u00a0forst\u00e5 udviklingen<\/span><span data-contrast=\"auto\">,<\/span><span data-contrast=\"auto\">\u00a0og den n\u00e6re fremtid for egen forretning.<\/span><span data-ccp-props=\"{&quot;201341983&quot;:0,&quot;335559739&quot;:160,&quot;335559740&quot;:259}\">\u00a0<\/span><\/p>\n<p><span data-contrast=\"auto\">I denne artikel giver vi inspiration til, hvordan <\/span><span data-contrast=\"auto\">man<\/span><span data-contrast=\"auto\">\u00a0med relevante<\/span><span data-contrast=\"auto\">, tilg\u00e6ngelige<\/span><span data-contrast=\"auto\">\u00a0analyser dagligt kan holde\u00a0<\/span><span data-contrast=\"auto\">sig<\/span><span data-contrast=\"auto\">\u00a0opdateret p\u00e5 udviklingen i forbrugernes adf\u00e6rd og deres privatforbrug. F\u00e6lles for alle analyserne er den h\u00f8jfrekvente opdatering, som hele tiden sikr<\/span><span data-contrast=\"auto\">e<\/span><span data-contrast=\"auto\">r<\/span><span data-contrast=\"auto\">\u00a0din virksomhed en finger direkte p\u00e5 pulsen.<\/span><span data-ccp-props=\"{&quot;201341983&quot;:0,&quot;335559739&quot;:160,&quot;335559740&quot;:259}\">\u00a0<\/span><\/p>\n<p><span data-ccp-props=\"{&quot;201341983&quot;:0,&quot;335559739&quot;:160,&quot;335559740&quot;:259}\">\u00a0<\/span><\/p>\n<p><b><span data-contrast=\"auto\">Danske Bank\u00a0<\/span><\/b><b><span data-contrast=\"auto\">Spending<\/span><\/b><b><span data-contrast=\"auto\">\u00a0Monitor: Danskernes privatforbrug<\/span><\/b><span data-ccp-props=\"{&quot;201341983&quot;:0,&quot;335559739&quot;:160,&quot;335559740&quot;:259}\"><br \/>\n<\/span><span data-contrast=\"auto\">Den f\u00f8rste analyse, som vi m\u00e5 fremh\u00e6ve her, er Danske Bank\u00a0<\/span><span data-contrast=\"auto\">Spending<\/span><span data-contrast=\"auto\">\u00a0Monitor. Vi har flittigt\u00a0<\/span><span data-contrast=\"auto\">anvendt<\/span><span data-contrast=\"auto\">\u00a0denne datakilde gennem hele Corona-krisen, og den er da ogs\u00e5 ganske unik. Danske Bank har gennem deres\u00a0<\/span><span data-contrast=\"auto\">Spending<\/span><span data-contrast=\"auto\">\u00a0Monitor analyseret p\u00e5\u00a0<\/span><span data-contrast=\"auto\">udviklingen i\u00a0<\/span><span data-contrast=\"auto\">privatforbruget\u00a0<\/span><span data-contrast=\"auto\">baseret p\u00e5 data fra<\/span><span data-contrast=\"auto\">\u00a0kunderne i banken. Analysen er s\u00e5ledes\u00a0<\/span><span data-contrast=\"auto\">blot\u00a0<\/span><span data-contrast=\"auto\">en stikpr\u00f8ve af danskere, men det er en\u00a0<\/span><span data-contrast=\"auto\">virkelig<\/span><span data-contrast=\"auto\">\u00a0<\/span><span data-contrast=\"auto\">solid<\/span><span data-contrast=\"auto\">\u00a0proxy for udviklingen i danskernes privatforbrug som helhed.<\/span><span data-ccp-props=\"{&quot;201341983&quot;:0,&quot;335559739&quot;:160,&quot;335559740&quot;:259}\">\u00a0<\/span><\/p>\n<p><span data-contrast=\"auto\">Opdateringen af <a href=\"https:\/\/research.danskebank.com\/research\/#\/Research\/articlepreview\/70dfbb14-7323-46c2-be73-59ee975c17a1\/EN\">Spending Monitor<\/a><\/span><span data-contrast=\"auto\">\u00a0til og med 19. maj viser et kraftigt l\u00f8ft i danskernes privatforbrug. N\u00e5r man ser bort fra k\u00f8b af dagligvarer, har privatforbruget v\u00e6ret nede med n\u00e6sten 40%, og i den aktuelle opdatering er forbruget nu nede med blot 5-10%. Forbruget som helhed er alts\u00e5 n\u00e6sten tilbage til normalen, selvom det m\u00e5 forventes<\/span><span data-contrast=\"auto\">,<\/span><span data-contrast=\"auto\">\u00a0at dele af dette forbrug er opsparet forbrug med en vis\u00a0<\/span><span data-contrast=\"auto\">\u2019<\/span><span data-contrast=\"auto\">ketchup-effekt<\/span><span data-contrast=\"auto\">\u2019<\/span><span data-contrast=\"auto\">.<\/span><span data-ccp-props=\"{&quot;201341983&quot;:0,&quot;335559739&quot;:160,&quot;335559740&quot;:259}\">\u00a0<\/span><\/p>\n<p><a href=\"https:\/\/www.phdmedia.com\/denmark\/wp-content\/uploads\/sites\/55\/2020\/05\/Danske-bank-graf.png\"><img loading=\"lazy\" decoding=\"async\" class=\"alignnone wp-image-21219 size-full\" src=\"https:\/\/www.phdmedia.com\/denmark\/wp-content\/uploads\/sites\/55\/2020\/05\/Danske-bank-graf.png\" alt=\"\" width=\"585\" height=\"430\" srcset=\"https:\/\/www.phdmedia.com\/denmark\/wp-content\/uploads\/sites\/55\/2020\/05\/Danske-bank-graf.png 585w, https:\/\/www.phdmedia.com\/denmark\/wp-content\/uploads\/sites\/55\/2020\/05\/Danske-bank-graf-300x221.png 300w\" sizes=\"auto, (max-width: 585px) 100vw, 585px\" \/><\/a><\/p>\n<p><span data-contrast=\"auto\">Den samlede udvikling d\u00e6kker over meget\u00a0<\/span><span data-contrast=\"auto\">forskellige<\/span><span data-contrast=\"auto\">\u00a0<\/span><span data-contrast=\"auto\">tendenser\u00a0<\/span><span data-contrast=\"auto\">i kategorierne, som man ogs\u00e5 finder i analysen. Her er det tydeligt<\/span><span data-contrast=\"auto\">,<\/span><span data-contrast=\"auto\">\u00a0at den gradvise\u00a0<\/span><span data-contrast=\"auto\">gen\u00e5bning f\u00f8rst<\/span><span data-contrast=\"auto\">\u00a0<\/span><span data-contrast=\"auto\">har l\u00f8ftet\u00a0<\/span><span data-contrast=\"auto\">fris\u00f8rerne<\/span><span data-contrast=\"auto\">, og med gen\u00e5bningen af butikscentrene er salget af t\u00f8j nu ogs\u00e5 langt over normalen. Man ser ogs\u00e5 et fortsat meget h\u00f8jt forbrug af forbrugerelektronik og i byggemarkeder.<\/span><span data-contrast=\"auto\">\u00a0<\/span><span data-contrast=\"auto\">I forhold til forbruget i restaurationerne er det\u00a0<\/span><span data-contrast=\"auto\">for tidligt at konkludere noget<\/span><span data-contrast=\"auto\">,<\/span><span data-contrast=\"auto\">\u00a0men der er da et lille opl\u00f8ft at spore de to f\u00f8rste dage<\/span><span data-contrast=\"auto\">\u00a0efter gen\u00e5bning af disse<\/span><span data-contrast=\"auto\">.<\/span><span data-ccp-props=\"{&quot;201341983&quot;:0,&quot;335559739&quot;:160,&quot;335559740&quot;:259}\">\u00a0<\/span><\/p>\n<p><span data-contrast=\"auto\">Derudover er det ogs\u00e5 interessant at se\u00a0<\/span><span data-contrast=\"auto\">n\u00e6rmere p\u00e5\u00a0<\/span><span data-contrast=\"auto\">udviklingen i forbrug<\/span><span data-contrast=\"auto\">et<\/span><span data-contrast=\"auto\">\u00a0p\u00e5 benzinstationer og\u00a0<\/span><span data-contrast=\"auto\">i den\u00a0<\/span><span data-contrast=\"auto\">offentlig<\/span><span data-contrast=\"auto\">e<\/span><span data-contrast=\"auto\">\u00a0transport.\u00a0<\/span><span data-contrast=\"auto\">S<\/span><span data-contrast=\"auto\">ammenholde<\/span><span data-contrast=\"auto\">s<\/span><span data-contrast=\"auto\">\u00a0de to\u00a0<\/span><span data-contrast=\"auto\">udviklinger,<\/span><span data-contrast=\"auto\">\u00a0tegner det til en\u00a0<\/span><span data-contrast=\"auto\">langsommere<\/span><span data-contrast=\"auto\">\u00a0tilbagevenden til den offentlige transport blandt danskerne. S\u00e5ledes viser seneste <a href=\"https:\/\/ekstrabladet.dk\/nyheder\/samfund\/myldretiden-er-vendt-tilbage-paa-de-travleste-motorveje\/8129718\" target=\"_blank\" rel=\"noopener noreferrer\">analyse<\/a> fra Vejdirektoratet da ogs\u00e5, at myldretrafikken er t\u00e6t ved at v\u00e6re tilbage p\u00e5 de travleste motorveje<\/span><span data-contrast=\"auto\"> efter gen\u00e5bningen.<\/span><\/p>\n<p><span data-contrast=\"auto\">Endelig vil vi ogs\u00e5 gerne sl\u00e5 et slag for en anden (dog in<\/span><span data-contrast=\"auto\">&#8211;<\/span><span data-contrast=\"auto\">frekvent) brug af\u00a0<\/span><span data-contrast=\"auto\">de samme data<\/span><span data-contrast=\"auto\">\u00a0fra Danske Bank. Forskere fra K\u00f8benhavns Universitet (KU) har anvendt\u00a0<\/span><span data-contrast=\"auto\">selvsamme\u00a0<\/span><span data-contrast=\"auto\">data til at dokumentere, at privatforbruget er faldet med 29% i Danmark mod 25% i Sverige under krisen. M<\/span><span data-contrast=\"auto\">an m\u00e5 med andre ord konkludere, at\u00a0<\/span><span data-contrast=\"auto\">krisen\u00a0<\/span><span data-contrast=\"auto\">nok\u00a0<\/span><span data-contrast=\"auto\">mere\u00a0<\/span><span data-contrast=\"auto\">handler\u00a0<\/span><span data-contrast=\"auto\">om frygten for virussen end selve\u00a0<\/span><span data-contrast=\"auto\">den fysiske\u00a0<\/span><span data-contrast=\"auto\">nedlukning. Det er en\u00a0<\/span><span data-contrast=\"auto\">ganske<\/span><span data-contrast=\"auto\">\u00a0<\/span><span data-contrast=\"auto\">interessant<\/span><span data-contrast=\"auto\">\u00a0<a href=\"https:\/\/arxiv.org\/pdf\/2005.04630.pdf\" target=\"_blank\" rel=\"noopener noreferrer\">analyse<\/a>, som det kan anbefales at l\u00e6se i sin helhed.<\/span><span data-ccp-props=\"{&quot;201341983&quot;:0,&quot;335559739&quot;:160,&quot;335559740&quot;:259}\">\u00a0<\/span><\/p>\n<p>&nbsp;<\/p>\n<p><b><span data-contrast=\"auto\">Google Community\u00a0<\/span><\/b><b><span data-contrast=\"auto\">Mobility<\/span><\/b><b><span data-contrast=\"auto\">\u00a0Report: Danskernes mobilitet (bev\u00e6gelsesm\u00f8nstre)<\/span><\/b><span data-ccp-props=\"{&quot;201341983&quot;:0,&quot;335559739&quot;:160,&quot;335559740&quot;:259}\"><br \/>\n<\/span><span data-contrast=\"auto\">Google har nok mere end nogen anden virksomhed finger<\/span><span data-contrast=\"auto\">en<\/span><span data-contrast=\"auto\">\u00a0p\u00e5 pulsen i forhold til vores adf\u00e6rd. S\u00e5ledes f\u00f8lger Google\u00a0<\/span><span data-contrast=\"auto\">ikke blot\u00a0<\/span><span data-contrast=\"auto\">vores\u00a0<\/span><span data-contrast=\"auto\">s\u00f8gninger,\u00a0<\/span><span data-contrast=\"auto\">de<\/span><span data-contrast=\"auto\">\u00a0f\u00f8lger ogs\u00e5 vores fysiske bev\u00e6gelsesm\u00f8nstre eller mobilitet om man vil. Det er Google ikke alene om, og teleselskabet 3 har\u00a0<\/span><span data-contrast=\"auto\">da\u00a0<\/span><span data-contrast=\"auto\">ogs\u00e5 tidligere lavet en <a href=\"https:\/\/www.berlingske.dk\/virksomheder\/her-er-beviserne-danmark-er-gaaet-hjem)\" target=\"_blank\" rel=\"noopener noreferrer\">analyse<\/a> af \u00e6ndringerne i\u00a0<\/span><span data-contrast=\"auto\">deres kunders\u00a0<\/span><span data-contrast=\"auto\">bev\u00e6gelsesm\u00f8nstre under krisen.<\/span><\/p>\n<p><span data-contrast=\"auto\">Google offentligg\u00f8r l\u00f8bende deres analyser af \u00e6ndringerne i vores bev\u00e6gelsesm\u00f8nstre i\u00a0<\/span><span data-contrast=\"auto\">rapporten<\/span><a href=\"https:\/\/www.google.com\/covid19\/mobility\"><span data-contrast=\"auto\"> Community <\/span><span data-contrast=\"auto\">Mobility Report. <\/span><\/a><span data-contrast=\"auto\">\u00a0Analysen opdateres ugentligt<\/span><span data-contrast=\"auto\">,<\/span><span data-contrast=\"auto\">\u00a0og opdateringen til og med 13. maj viser\u00a0<\/span><span data-contrast=\"auto\">blandt andet\u00a0<\/span><span data-contrast=\"auto\">en svagt stigende mobilitet mod arbejdspladserne og i den offentlige transport. Vi er dog ikke mere tilbage til normalen, end at det er parker og andre gr\u00f8nne omr\u00e5der, som\u00a0<\/span><span data-contrast=\"auto\">fortsat oplever<\/span><span data-contrast=\"auto\">\u00a0den st\u00f8rste v\u00e6kst i mobiliteten. Parkerne vender nok f\u00f8rst tilbage til normalen, n\u00e5r alle er fysisk tilbage p\u00e5 arbejd<\/span><span data-contrast=\"auto\">spladserne<\/span><span data-contrast=\"auto\">,<\/span><span data-contrast=\"auto\">\u00a0og fitnesscentrene er gen\u00e5bnede.<\/span><span data-ccp-props=\"{&quot;201341983&quot;:0,&quot;335559739&quot;:160,&quot;335559740&quot;:259}\">\u00a0<\/span><\/p>\n<p><span data-ccp-props=\"{&quot;201341983&quot;:0,&quot;335559739&quot;:160,&quot;335559740&quot;:259}\">\u00a0<\/span><\/p>\n<p><b><span data-contrast=\"auto\">Google My Business: Danskernes\u00a0<\/span><\/b><b><span data-contrast=\"auto\">lokale\u00a0<\/span><\/b><b><span data-contrast=\"auto\">s\u00f8gning<\/span><\/b><b><span data-contrast=\"auto\">er<\/span><\/b><span data-ccp-props=\"{&quot;201341983&quot;:0,&quot;335559739&quot;:160,&quot;335559740&quot;:259}\"><br \/>\n<\/span><span data-contrast=\"auto\">Som detailhandlende handler gen\u00e5bningen ene og alene om at f\u00e5 kunderne tilbage i butikken, og et af de mest effektive marketinggreb er at sikre sig, at alle butiksinformationer online er\u00a0<\/span><span data-contrast=\"auto\">bredt synlige og\u00a0<\/span><span data-contrast=\"auto\">fuldt opdaterede med eksempelvis aktuelle \u00e5bningstider efter gen\u00e5bningen.<\/span><span data-ccp-props=\"{&quot;201341983&quot;:0,&quot;335559739&quot;:160,&quot;335559740&quot;:259}\">\u00a0<\/span><\/p>\n<p><span data-contrast=\"auto\">En hj\u00f8rnesten i butikkernes <a href=\"https:\/\/www.phdmedia.com\/denmark\/sadan-pavirker-coronavirus-local-search\/\" target=\"_blank\" rel=\"noopener noreferrer\">digitale synlighed<\/a><\/span><span data-contrast=\"none\">\u00a0<\/span><span data-contrast=\"auto\">er Google My Business (GMB). En optimering af butikkerne i GMB kan ikke blot\u00a0<\/span><span data-contrast=\"auto\">sikre butikkerne i din virksomhed<\/span><span data-contrast=\"auto\">\u00a0en st\u00f8rre lokal synlighed end konkurrenterne ved lokale s\u00f8gninger p\u00e5 Google, men kan ogs\u00e5 give virksomheden v\u00e6rdifuld viden\u00a0<\/span><span data-contrast=\"auto\">om<\/span><span data-contrast=\"auto\">\u00a0udviklingen i de lokale s\u00f8gninger. S\u00e5ledes er data fra GMB ogs\u00e5 en meget vigtig kilde til forst\u00e5else af gen\u00e5bningen.<\/span><span data-ccp-props=\"{&quot;201341983&quot;:0,&quot;335559739&quot;:160,&quot;335559740&quot;:259}\">\u00a0<\/span><\/p>\n<p><span data-contrast=\"auto\">Nedenfor er gengivet udviklingen i antallet af butiksvisninger p\u00e5 tv\u00e6rs af en r\u00e6kke virksomheder til og med den 17. maj, og som man kan se, er der en positiv udvikling<\/span><span data-contrast=\"auto\">\u00a0at spore<\/span><span data-contrast=\"auto\">, men\u00a0<\/span><span data-contrast=\"auto\">der er\u00a0<\/span><span data-contrast=\"auto\">dog stadig lang vej tilbage til normalen<\/span><span data-contrast=\"auto\">\u00a0for visningerne<\/span><span data-contrast=\"auto\">. Dette er\u00a0<\/span><span data-contrast=\"auto\">blot<\/span><span data-contrast=\"auto\">\u00a0et gennemsnit\u00a0<\/span><span data-contrast=\"auto\">p\u00e5 tv\u00e6rs af en r\u00e6kke butikker,\u00a0<\/span><span data-contrast=\"auto\">og som virksomhed kan man med\u00a0<\/span><span data-contrast=\"auto\">sine\u00a0<\/span><span data-contrast=\"auto\">egne data fra GMB alts\u00e5 opn\u00e5 en\u00a0<\/span><span data-contrast=\"auto\">meget\u00a0<\/span><span data-contrast=\"auto\">dyb indsigt i den lokale s\u00f8geadf\u00e6rd<\/span><span data-contrast=\"auto\">,<\/span><span data-contrast=\"auto\">\u00a0og en status p\u00e5 virksomhedens evne til at oms\u00e6tte\u00a0<\/span><span data-contrast=\"auto\">den<\/span><span data-contrast=\"auto\">\u00a0til synlighed for egne butikker<\/span><span data-contrast=\"auto\">\u00a0f\u00f8r og efter gen\u00e5bning.<\/span><span data-ccp-props=\"{&quot;201341983&quot;:0,&quot;335559739&quot;:160,&quot;335559740&quot;:259}\">\u00a0<\/span><\/p>\n<p><span data-contrast=\"auto\"><a href=\"https:\/\/www.phdmedia.com\/denmark\/wp-content\/uploads\/sites\/55\/2020\/05\/Google-graf.png\"><img loading=\"lazy\" decoding=\"async\" class=\"alignnone wp-image-21221 size-large\" src=\"https:\/\/www.phdmedia.com\/denmark\/wp-content\/uploads\/sites\/55\/2020\/05\/Google-graf-1024x637.png\" alt=\"\" width=\"1024\" height=\"637\" srcset=\"https:\/\/www.phdmedia.com\/denmark\/wp-content\/uploads\/sites\/55\/2020\/05\/Google-graf-1024x637.png 1024w, https:\/\/www.phdmedia.com\/denmark\/wp-content\/uploads\/sites\/55\/2020\/05\/Google-graf-300x187.png 300w, https:\/\/www.phdmedia.com\/denmark\/wp-content\/uploads\/sites\/55\/2020\/05\/Google-graf-768x478.png 768w, https:\/\/www.phdmedia.com\/denmark\/wp-content\/uploads\/sites\/55\/2020\/05\/Google-graf.png 1218w\" sizes=\"auto, (max-width: 1024px) 100vw, 1024px\" \/><\/a><\/span><\/p>\n<p><b><span data-contrast=\"auto\">Google Trends: Danskernes\u00a0<\/span><\/b><b><span data-contrast=\"auto\">specifikke\u00a0<\/span><\/b><b><span data-contrast=\"auto\">s\u00f8gem\u00f8nstre<\/span><\/b><span data-ccp-props=\"{&quot;201341983&quot;:0,&quot;335559739&quot;:160,&quot;335559740&quot;:259}\"><br \/>\n<\/span><span data-contrast=\"auto\">I en tidligere artikel har vi fokuseret p\u00e5 de helt unikke analysemuligheder, som man som virksomhed har med <a href=\"https:\/\/trends.google.com\/trends\/explore?date=today%203-m&amp;geo=DK\" target=\"_blank\" rel=\"noopener noreferrer\">Google Trends<\/a>. Med Google <\/span><span data-contrast=\"auto\">Trends kan\u00a0<\/span><span data-contrast=\"auto\">man<\/span><span data-contrast=\"auto\">\u00a0f\u00f8lge udviklingen over tid i forbrugernes s\u00f8geadf\u00e6rd for lige pr\u00e6cis de s\u00f8gefraser, som\u00a0<\/span><span data-contrast=\"auto\">man finder<\/span><span data-contrast=\"auto\">\u00a0relevante at unders\u00f8ge.\u00a0<\/span><span data-contrast=\"auto\">Du<\/span><span data-contrast=\"auto\"> kan med fordel l\u00e6se eller genl\u00e6se den tidligere <a href=\"https:\/\/www.phdmedia.com\/denmark\/din-finger-pa-pulsen-under-covid-19\/\" target=\"_blank\" rel=\"noopener noreferrer\">artikel<\/a>, hvis <\/span><span data-contrast=\"auto\">du<\/span><span data-contrast=\"auto\">\u00a0<\/span><span data-contrast=\"auto\">mangler<\/span><span data-contrast=\"auto\">\u00a0inspiration til mulige analyser\u00a0<\/span><span data-contrast=\"auto\">i Google Trends.<\/span><\/p>\n<p><span data-contrast=\"auto\">For at forst\u00e5 s\u00f8geadf\u00e6rden her\u00a0<\/span><span data-contrast=\"auto\">og nu\u00a0<\/span><span data-contrast=\"auto\">under gen\u00e5bningen<\/span><span data-contrast=\"auto\">,<\/span><span data-contrast=\"auto\">\u00a0vil det v\u00e6re s\u00e6rligt relevant at kigge\u00a0<\/span><span data-contrast=\"auto\">n\u00e6rmere\u00a0<\/span><span data-contrast=\"auto\">ind i nogle kortere tidsvinduer<\/span><span data-contrast=\"auto\">\u00a0i Google Trends<\/span><span data-contrast=\"auto\">.\u00a0<\/span><span data-contrast=\"auto\">A<\/span><span data-contrast=\"auto\">fh\u00e6ngig af s\u00f8gevolumen vil det s\u00e5ledes\u00a0<\/span><span data-contrast=\"auto\">i nogle tilf\u00e6lde\u00a0<\/span><span data-contrast=\"auto\">v\u00e6re muligt at f\u00f8lge udviklingen over eksempelvis de seneste syv dage og helt ned til den seneste time.\u00a0<\/span><span data-ccp-props=\"{&quot;201341983&quot;:0,&quot;335559739&quot;:160,&quot;335559740&quot;:259}\">\u00a0<\/span><\/p>\n<p><span data-contrast=\"auto\">Vil du forst\u00e5\u00a0<\/span><span data-contrast=\"auto\">endnu<\/span><span data-contrast=\"auto\">\u00a0mere omkring\u00a0<\/span><span data-contrast=\"auto\">mulighederne\u00a0<\/span><span data-contrast=\"auto\">og begr\u00e6nsningerne ved data fra Google Trends, s\u00e5 kan du med fordel ogs\u00e5 l\u00e6se mere <a href=\"https:\/\/support.google.com\/trends\/answer\/4365533?hl=da\" target=\"_blank\" rel=\"noopener noreferrer\">her.<\/a><\/span><\/p>\n<p><span data-ccp-props=\"{&quot;201341983&quot;:0,&quot;335559739&quot;:160,&quot;335559740&quot;:259}\">\u00a0<\/span><\/p>\n<p><b><span data-contrast=\"auto\">Danmarks Statistik: Forbrugertilliden<\/span><\/b><span data-ccp-props=\"{&quot;201341983&quot;:0,&quot;335559739&quot;:160,&quot;335559740&quot;:259}\"><br \/>\n<\/span><span data-contrast=\"auto\">N\u00e5r vi skal forst\u00e5 udviklingen i privatforbruget, refererer vi normalt til forbrugertilliden, som Danmarks Statistik\u00a0<\/span><span data-contrast=\"auto\">l\u00f8bende\u00a0<\/span><span data-contrast=\"auto\">offentligg\u00f8r dog med en lidt lavere frekvens end de \u00f8vrige analyser ovenfor.<\/span><span data-ccp-props=\"{&quot;201341983&quot;:0,&quot;335559739&quot;:160,&quot;335559740&quot;:259}\">\u00a0<\/span><\/p>\n<p><span data-contrast=\"auto\">Opdateringen til og med 17. maj <a href=\"https:\/\/www.dst.dk\/da\/Statistik\/nyt\/NytHtml?cid=29704\" target=\"_blank\" rel=\"noopener noreferrer\">viser<\/a> en forsigtig stigning i forbrugertilliden. Den samlede forbrugertillid for maj-m\u00e5ned er fortsat <\/span><span data-contrast=\"auto\">ganske\u00a0<\/span><span data-contrast=\"auto\">lav og ligger p\u00e5 minus 8,8, men hvis man deler den op i perioden f\u00f8r og efter\u00a0<\/span><span data-contrast=\"auto\">s<\/span><span data-contrast=\"auto\">tatsminister Mette Frederiksens udmelding omkring gen\u00e5bning den 7. maj, s\u00e5 er der tegn p\u00e5 en fremgang. S\u00e5ledes er forbrugertilliden p\u00e5 minus 9,2 i perioden 1.-7. maj, hvorimod forbrugertilliden for perioden 8.-17. maj l\u00e5 p\u00e5 minus 7,4. Alts\u00e5 er der forsigtige tegn p\u00e5 en fremgang i tilliden.<\/span><span data-contrast=\"auto\">\u00a0Dog stadig lav.<\/span><span data-ccp-props=\"{&quot;201341983&quot;:0,&quot;335559739&quot;:160,&quot;335559740&quot;:259}\">\u00a0<\/span><\/p>\n<p><span data-ccp-props=\"{&quot;201341983&quot;:0,&quot;335559739&quot;:160,&quot;335559740&quot;:259}\">\u00a0<\/span><\/p>\n<p><b><span data-contrast=\"auto\">Andre h\u00f8j<\/span><\/b><b><span data-contrast=\"auto\">f<\/span><\/b><b><span data-contrast=\"auto\">rekvente datakilder<\/span><\/b><b><span data-contrast=\"auto\">,<\/span><\/b><b><span data-contrast=\"auto\">\u00a0der f\u00f8lger danskerne t\u00e6t i denne tid<\/span><\/b><span data-ccp-props=\"{&quot;201341983&quot;:0,&quot;335559739&quot;:160,&quot;335559740&quot;:259}\"><br \/>\n<\/span><span data-contrast=\"auto\">De ovenn\u00e6vnte analyser er et\u00a0<\/span><span data-contrast=\"auto\">lille\u00a0<\/span><span data-contrast=\"auto\">udvalg af datakilder, man som virksomhed b\u00f8r f\u00f8lge t\u00e6t for at kunne\u00a0<\/span><span data-contrast=\"auto\">forst\u00e5<\/span><span data-contrast=\"auto\">\u00a0effekterne af den gradvise gen\u00e5bning i forhold til forbrugeradf\u00e6rd og privatforbrug. Der er\u00a0<\/span><span data-contrast=\"auto\">helt givet flere\u00a0<\/span><span data-contrast=\"auto\">frekvente\u00a0<\/span><span data-contrast=\"auto\">datakilder og analyser<\/span><span data-contrast=\"auto\">, som det ogs\u00e5 giver mening at f\u00f8lge som virksomhed.<\/span><span data-ccp-props=\"{&quot;201341983&quot;:0,&quot;335559739&quot;:160,&quot;335559740&quot;:259}\">\u00a0<\/span><\/p>\n<p><span data-contrast=\"auto\">Her vil vi blandt andre n\u00e6vne de mere eksperimentelle <a href=\"https:\/\/www.dst.dk\/da\/Statistik\/eksperimentel-statistik-covid-19\" target=\"_blank\" rel=\"noopener noreferrer\">analyser<\/a> fra Danmark Statistik, hvor <\/span><span data-contrast=\"auto\">Danmarks Statistik\u00a0<\/span><span data-contrast=\"auto\">har\u00a0<\/span><span data-contrast=\"auto\">kurateret<\/span><span data-contrast=\"auto\">\u00a0data fra en r\u00e6kke h\u00f8jfrekvente\u00a0<\/span><span data-contrast=\"auto\">analyser<\/span><span data-contrast=\"auto\">. Analyserne underg\u00e5r her ikke n\u00f8dvendigvis samme solide metode, som Danmarks Statistik normalt anl\u00e6gger, men der er dog fortsat masser af inspiration i forhold til at forst\u00e5 udviklingen i forbrugeradf\u00e6rden dag for dag. Bem\u00e6rk data opdateres med forskellige frekvenser.<\/span><span data-ccp-props=\"{&quot;201341983&quot;:0,&quot;335559739&quot;:160,&quot;335559740&quot;:259}\">\u00a0<\/span><\/p>\n<p><span data-contrast=\"auto\">Endeligt vil vi ogs\u00e5 gerne fremh\u00e6ve Projekt Hope fra Aarhus Universitet, hvor man l\u00f8bende\u00a0<\/span><span data-contrast=\"auto\">f\u00f8lger\u00a0<\/span><span data-contrast=\"auto\">danskerne under COVID-19\u00a0<\/span><span data-contrast=\"auto\">med fokus p\u00e5\u00a0<\/span><span data-contrast=\"auto\">blandt andet<\/span><span data-contrast=\"auto\">\u00a0<\/span><span data-contrast=\"auto\">vores adf\u00e6rd i forhold til overholde<\/span><span data-contrast=\"auto\">l<\/span><span data-contrast=\"auto\">se af retningslinjerne fra sundhedsmyndighederne og vores holdninger til Corona-krisen. Den seneste <a href=\"https:\/\/hope-project.dk\/#\/documents\/coronaTracking#20.%20maj%202020\" target=\"_blank\" rel=\"noopener noreferrer\">opdatering<\/a> fra 20. maj, viser blandt andet, at danskernes optimisme er <\/span><span data-contrast=\"auto\">ganske\u00a0<\/span><span data-contrast=\"auto\">h\u00f8j, og\u00a0<\/span><span data-contrast=\"auto\">at\u00a0<\/span><span data-contrast=\"auto\">bekymringen er faldende, og at gen\u00e5bningen\u00a0<\/span><span data-contrast=\"auto\">ogs\u00e5\u00a0<\/span><span data-contrast=\"auto\">har \u00f8get danskernes tendens til at befinde sig i lokaler med mere end 10 personer.<\/span><span data-ccp-props=\"{&quot;201341983&quot;:0,&quot;335559739&quot;:160,&quot;335559740&quot;:259}\">\u00a0<\/span><\/p>\n<p>&nbsp;<\/p>\n<p><b><span data-contrast=\"auto\">God start p\u00e5 gen\u00e5bningen af Danmark. Hvordan ser det ud for din virksomhed?<\/span><\/b><span data-ccp-props=\"{&quot;201341983&quot;:0,&quot;335559739&quot;:160,&quot;335559740&quot;:259}\"><br \/>\n<\/span><span data-contrast=\"auto\">Samlet set tegner der sig p\u00e5 tv\u00e6rs af analyserne et billede af en rigtig god start p\u00e5 den g<\/span><span data-contrast=\"auto\">radvise og kontrollerede\u00a0<\/span><span data-contrast=\"auto\">gen\u00e5bning af Danmark med stigende optimisme og tillid samt ikke mindst\u00a0<\/span><span data-contrast=\"auto\">en kraftig stigning i det samlede privatforbrug n\u00e6ste<\/span><span data-contrast=\"auto\">n<\/span><span data-contrast=\"auto\">\u00a0tilbage til normalen. Selvf\u00f8lgelig forsat<\/span><span data-contrast=\"auto\">\u00a0med<\/span><span data-contrast=\"auto\">\u00a0stor<\/span><span data-contrast=\"auto\">e<\/span><span data-contrast=\"auto\">\u00a0forskel<\/span><span data-contrast=\"auto\">le<\/span><span data-contrast=\"auto\">\u00a0mellem<\/span><span data-contrast=\"auto\">\u00a0brancher.<\/span><span data-ccp-props=\"{&quot;201341983&quot;:0,&quot;335559739&quot;:160,&quot;335559740&quot;:259}\">\u00a0<\/span><\/p>\n<p><span data-contrast=\"auto\">Vi h\u00e5ber<\/span><span data-contrast=\"auto\">,<\/span><span data-contrast=\"auto\">\u00a0at ovenst\u00e5ende udvalg af analyser kan hj\u00e6lpe din virksomhed med at f\u00f8lge og forst\u00e5 udviklingerne her<\/span><span data-contrast=\"auto\">\u00a0<\/span><span data-contrast=\"auto\">under gen\u00e5bningen af Danmark. De skal\u00a0<\/span><span data-contrast=\"auto\">selvf\u00f8lgelig\u00a0<\/span><span data-contrast=\"auto\">alle ses i perspektivet af din egen virksomhed.<\/span><span data-ccp-props=\"{&quot;201341983&quot;:0,&quot;335559739&quot;:160,&quot;335559740&quot;:259}\">\u00a0<\/span><\/p>\n<p><span data-contrast=\"auto\">Mange gange finder man ikke n\u00f8dvendigvis svaret i disse analyser, og det vil k<\/span><span data-contrast=\"auto\">r\u00e6ve\u00a0<\/span><span data-contrast=\"auto\">en\u00a0<\/span><span data-contrast=\"auto\">noget\u00a0<\/span><span data-contrast=\"auto\">mere skr\u00e6ddersyet analyse\u00a0<\/span><span data-contrast=\"auto\">tilpasset\u00a0<\/span><span data-contrast=\"auto\">til den enkelte branche og virksomhed. I alle tilf\u00e6lde vil en mere dybdeg\u00e5ende\u00a0<\/span><span data-contrast=\"auto\">forst\u00e5else for forbrugernes bagvedliggende motiver for deres adf\u00e6rd kr\u00e6ve en dedikeret analyse\u00a0<\/span><span data-contrast=\"auto\">med<\/span><span data-contrast=\"auto\">\u00a0<\/span><span data-contrast=\"auto\">mere fokus p\u00e5\u00a0<\/span><span data-contrast=\"auto\">deres tanker og f\u00f8lelser i denne unormale tid frem til en ny normal.<\/span><span data-ccp-props=\"{&quot;201341983&quot;:0,&quot;335559739&quot;:160,&quot;335559740&quot;:259}\">\u00a0<\/span><\/p>\n<p><span data-contrast=\"auto\">Har du brug for at diskutere udviklingen i forbrugeradf\u00e6rden\u00a0<\/span><span data-contrast=\"auto\">generelt<\/span><span data-contrast=\"auto\">,\u00a0<\/span><span data-contrast=\"auto\">brugen af de mange datakilder fra dette indl\u00e6g\u00a0<\/span><span data-contrast=\"auto\">specifikt\u00a0<\/span><span data-contrast=\"auto\">i forhold til din virksomhed<\/span><span data-contrast=\"auto\">\u00a0eller mere skr\u00e6ddersyede analyser til din virksomhed<\/span><span data-contrast=\"auto\">, er du naturligvis\u00a0<\/span><span data-contrast=\"auto\">meget\u00a0<\/span><span data-contrast=\"auto\">velkommen til at r\u00e6kke ud til din daglige kontakt i PHD eller send os en mail <a href=\"mailto:infodk@phdmedia.com\">her.<\/a><\/span><\/p>\n","protected":false},"excerpt":{"rendered":"<p>Den bratte nedlukning af Danmark tilbage i marts har\u00a0desv\u00e6rre\u00a0som\u00a0ventet\u00a0haft store \u00f8konomiske konsekvenser for vores samfund. Privatforbruget var nede med\u00a0n\u00e6sten\u00a040% i forhold til normalen, da vi var h\u00e5rdest ramt af nedlukningen. Nu bev\u00e6ger vi os gradvist\u00a0og kontrolleret\u00a0gennem en gen\u00e5bning af samfundet,\u00a0og\u00a0med tilbageholdt \u00e5ndedr\u00e6t\u00a0f\u00f8lger vi nu alle\u00a0konsekvenserne\u00a0af\u00a0vores tilbagevenden til en ny normal\u00a0&#8211; b\u00e5de\u00a0i forhold til danskernes forbrugeradf\u00e6rd [&hellip;]<\/p>\n","protected":false},"author":1,"featured_media":0,"comment_status":"closed","ping_status":"closed","sticky":false,"template":"","format":"standard","meta":{"_acf_changed":false,"inline_featured_image":false,"footnotes":""},"categories":[496],"tags":[],"class_list":["post-21218","post","type-post","status-publish","format-standard","hentry","category-news"],"acf":[],"_links":{"self":[{"href":"https:\/\/www.phdmedia.com\/denmark\/wp-json\/wp\/v2\/posts\/21218","targetHints":{"allow":["GET"]}}],"collection":[{"href":"https:\/\/www.phdmedia.com\/denmark\/wp-json\/wp\/v2\/posts"}],"about":[{"href":"https:\/\/www.phdmedia.com\/denmark\/wp-json\/wp\/v2\/types\/post"}],"author":[{"embeddable":true,"href":"https:\/\/www.phdmedia.com\/denmark\/wp-json\/wp\/v2\/users\/1"}],"replies":[{"embeddable":true,"href":"https:\/\/www.phdmedia.com\/denmark\/wp-json\/wp\/v2\/comments?post=21218"}],"version-history":[{"count":0,"href":"https:\/\/www.phdmedia.com\/denmark\/wp-json\/wp\/v2\/posts\/21218\/revisions"}],"wp:attachment":[{"href":"https:\/\/www.phdmedia.com\/denmark\/wp-json\/wp\/v2\/media?parent=21218"}],"wp:term":[{"taxonomy":"category","embeddable":true,"href":"https:\/\/www.phdmedia.com\/denmark\/wp-json\/wp\/v2\/categories?post=21218"},{"taxonomy":"post_tag","embeddable":true,"href":"https:\/\/www.phdmedia.com\/denmark\/wp-json\/wp\/v2\/tags?post=21218"}],"curies":[{"name":"wp","href":"https:\/\/api.w.org\/{rel}","templated":true}]}}